{"id":874,"date":"2022-02-19T17:34:20","date_gmt":"2022-02-19T17:34:20","guid":{"rendered":"https:\/\/traildeer.com\/?p=874"},"modified":"2022-02-19T17:34:20","modified_gmt":"2022-02-19T17:34:20","slug":"croatia-trip-rider-reviews","status":"publish","type":"post","link":"https:\/\/traildeer.com\/sk\/2022\/02\/19\/croatia-trip-rider-reviews\/","title":{"rendered":"Trip do Chorv\u00e1tska - Hodnotenia \u00fa\u010dastn\u00edkov"},"content":{"rendered":"<p>Pred ned\u00e1vnom sme v\u00e1m priniesli n\u00e1\u0161 report z v\u00fdletu do Chorv\u00e1tska \u2013 Zagrebu a Omi\u0161u\u00a0<a href=\"https:\/\/blog.traildeer.com\/en\/bike-trip-report-zagreb-omis-croatia\/\">n\u00e1jdete ho tu.<\/a>Bud\u00facu stredu n\u00e1s \u010dak\u00e1 jeho \u010fal\u0161\u00ed term\u00edn (e\u0161te m\u00e1me dve vo\u013en\u00e9 miesta!\u00a0<a href=\"https:\/\/traildeer.com\/sk\/l\/the-best-of-croatia-mtb-zagreb-omis\/6145d1cc-ff35-48fd-a2e0-dd84ff20e611\/\">viac info tu<\/a>ke\u010f\u017ee ste u\u017e na\u0161e hodnotenie videli, rozhodli sme sa vyspoveda\u0165 parti\u010dku, ktor\u00e1 sa v\u00fdletu z\u00fa\u010dastnila aby ste mali inform\u00e1cie z prvej ruky.<\/p>\n\n\n\n<figure class=\"wp-block-image\"><img decoding=\"async\" src=\"https:\/\/blog.traildeer.com\/wp-content\/uploads\/2021\/10\/20210926_151719_060_saved-2.jpeg\" alt=\"\"\/><\/figure>\n\n\n\n<p><\/p>\n\n\n\n<p id=\"block-e23f96ed-a5db-4e6d-bda6-3ae393019220\">Mi\u0161ka \u2605\u2605\u2605\u2605\u2605<br>Traily v Omi\u0161i ve\u013emi prekvapili. Povrch bol kamenist\u00fd s r\u00f4znymi zabavn\u00fdmi, ale aj technick\u00fdmi prvkami. Striedali sa r\u00fdchle menej n\u00e1ro\u010dn\u00e9 pas\u00e1\u017ee so strm\u0161\u00edmi technick\u00fdmi a k tomu nieko\u013eko r\u00f4zne n\u00e1ro\u010dn\u00fdch dropov.<br><br>Niektor\u00e9 \u00faseky boli mierne exponovan\u00e9, tak\u017ee milovn\u00edci adrenal\u00ednu si ur\u010dite pr\u00eddu na svoje. Najlep\u0161\u00ed z\u00e1\u017eitok bol pre m\u0148a Imber trail. Bajk si s\u00edce od najvy\u0161\u0161ieho bodu kam sa sme sa vyviezli autom trebalo na kopec vytla\u010di\u0165, ale hore n\u00e1\u0161 \u010dakal \u00fa\u017easn\u00fd v\u00fdh\u013ead a e\u0161te lep\u0161\u00ed zjazd.<br><br>Po ceste hore n\u00e1s guidi upozornovali na n\u00e1ro\u010dnej\u0161ie pas\u00e1\u017ee a vysvetlovali ako ich \u010do najefekt\u00edvnejsie prejs\u0165, v\u010faka \u010domu som si zjazd ve\u013emi u\u017eila, ke\u010f\u017ee som nemusela pred n\u00e1ro\u010dn\u00fdmi \u00fasekmi zastavova\u0165.<br><br>Guidi \u2013 Ivo, Jelena a Dino boli ve\u013emi mil\u00ed. Dobre odhadli \u00faroven na\u0161ej skupiny a pod\u013ea toho potom zastavovali na miestach, ktor\u00e9 boli pre n\u00e1s v\u00fdzvou. Zobrali n\u00e1s na miesta, ktor\u00e9 by sme \u0165azsie hladali a bez v\u00fdvozu by sme sa k nim pravdepodobne ani nedostali.Ubytko bolo men\u0161ie, ale bolo pekn\u00e9, nov\u00e9 a bolo priamo na pl\u00e1\u017ei, \u010di\u017ee hne\u010f po bajkova\u010dke sme sa mohli hodi\u0165 do mora, \u010do n\u00e1m v tom teple padlo ve\u013emi dobre.<br><br>Celkovo bol v\u00fdlet ve\u013emi dobre vymyslen\u00fd a zorganizovan\u00fd. Keby som to mala zhrn\u00fa\u0165 jednou vetou bola to super bajkova\u010dka s uzasnymi \u013eudmi, vyborn\u00fdm jedlom a kr\u00e1snym morom.<\/p>\n\n\n\n<figure class=\"wp-block-image\"><img decoding=\"async\" src=\"https:\/\/blog.traildeer.com\/wp-content\/uploads\/2021\/10\/20210927_103513-768x1024.jpeg\" alt=\"\"\/><\/figure>\n\n\n\n<p id=\"tw-target-text\">Mi\u0161o a Nina \u2605\u2605\u2605\u2605\u2605<br>Bajkov\u00fd v\u00fdlet do Chorv\u00e1tska na jese\u0148 je vynikaj\u00faci n\u00e1pad ako si pred\u013a\u017ei\u0165 sez\u00f3nu a u\u017ei\u0165 si slne\u010dn\u00fa bajkova\u010dku aj v septembri\/okt\u00f3bri.<\/p>\n\n\n\n<p id=\"tw-target-text\">Zagreb biking ako rozlo\u017eenie cesty bol super n\u00e1pad, aj guide-i, ktor\u00fdch sme mali boli super. Andrej n\u00e1\u0161 guide v Zagrebe bol ve\u013emi starostliv\u00fd a obzeral sa \u010di ideme, \u010di n\u00e1m neutek\u00e1. V\u017edy n\u00e1m dal aj po\u010das jazdy dopredu info \u010do n\u00e1s \u010dak\u00e1. Jazdenie v okol\u00ed Z\u00e1grebu sa ve\u013emi podobalo na\u0161im ob\u013e\u00faben\u00fdm lokalit\u00e1m na Slovensku, aj ke\u010f len kv\u00f4li n\u00edm by som na v\u00fdlet ne\u0161iel, av\u0161ak Omi\u0161 bol ur\u010dite highlight v\u00fdletu \u2013 bol mega! U\u017e len ten efekt mora je pod\u013ea m\u0148a pre stredoeur\u00f3pana hne\u010f plusov\u00fd bod. To \u017ee okolie bolo otvoren\u00e9 s\u00edce malo nev\u00fdhodu, \u017ee niekedy tu e\u0161te na konci septembra bolo extra teplo bez k\u00faska tie\u0148a, ale tie v\u00fdh\u013eady st\u00e1li za to a traily boli o to vidite\u013enej\u0161ie. A t\u00fdm, \u017ee s\u00fa otvoren\u00e9 je mo\u017en\u00e9 jazdi\u0165 dlh\u0161ie ako v lese.<\/p>\n\n\n\n<p id=\"tw-target-text\">Jazda po \u0161utrovom ter\u00e9ne ma bavila ove\u013ea viac ako v Zagrebe, dr\u017ealo to na nich ve\u013emi dobre aj ke\u010f bolo sucho. Navy\u0161e ten vzduch a samozrejme mo\u017enos\u0165 sa po bajkovan\u00ed hodi\u0165 rovno do mora je TOP.  V skratke vynikaj\u00face kamenist\u00e9 traily, ktor\u00e9 kon\u010dia pri mori, kde sa e\u0161te aj v tomto obdob\u00ed bez probl\u00e9mov ok\u00fape\u0161. V teple sme samozrejme ocenili mo\u017enos\u0165 v\u00fdvozu, v\u010faka \u010domu sme si mohli u\u017ei\u0165 ove\u013ea viac trailov. Guide-i tak isto super v kritick\u00fdch \u00fasekoch samozrejme po\u010dkali, dali rady a navy\u0161e uk\u00e1zali v\u0161etky n\u00e1strahy trailov a ve\u010der e\u0161te odporu\u010dili to najlep\u0161ie lok\u00e1lne pivo.<\/p>\n\n\n\n<figure class=\"wp-block-image\"><img decoding=\"async\" src=\"https:\/\/blog.traildeer.com\/wp-content\/uploads\/2021\/10\/IMG_3089-1.jpeg\" alt=\"\"\/><\/figure>\n\n\n\n<p>Vlada \u2605\u2605\u2605\u2605\u2605<br>\u010cakala som, \u017ee do Chorv\u00e1tska m\u00e1 zmysel \u00eds\u0165 tak max s de\u0165mi k moru, no Omi\u0161 ve\u013emi pozit\u00edvne prekvapil. Kopec z\u00e1bavn\u00fdch trailov, plno dropov, skokov, sk\u00e1l, ale aj r\u00fdchlych pas\u00e1\u017e\u00ed. Do toho super po\u010dasie, k\u00fapanie v mori, v\u00fdvozy bez \u0161\u013eapania a naskillovan\u00ed guidi, ktor\u00ed n\u00e1m v\u017edy uk\u00e1zali kam a ako najlep\u0161ie \u00eds\u0165. A ve\u010der s nami posedeli na lok\u00e1lnom pivku, ktor\u00e9 priniesli na ochutn\u00e1vku.<\/p>\n\n\n\n<figure class=\"wp-block-image\"><img decoding=\"async\" src=\"https:\/\/blog.traildeer.com\/wp-content\/uploads\/2021\/10\/20210927_110956-1-1024x461.jpeg\" alt=\"\"\/><\/figure>\n\n\n\n<p id=\"block-c575c9df-9d23-4f5c-b21e-3f1b43aa014b\">Vilo \u2605\u2605\u2605\u2605\u2605<br>Prvotn\u00fd pocit bola zmena z be\u017en\u00e9ho zau\u017e\u00edvan\u00e9ho konceptu (ja + kamo\u0161i + bajky) \u2013 pozit\u00edvna. Zagreb bol pre m\u0148a z poh\u013eadu jazdenia a rozjazdenia hor\u0161\u00ed a dos\u0165 dlho som sa hladal. St\u00e1le som uva\u017eoval, \u017ee t\u00e1 tra\u0165 je nejak\u00e1 strm\u00e1 a dlh\u00e1 ? V Omi\u0161i to bolo u\u017e lep\u0161ie a nasleduj\u00faci de\u0148 u\u017e som bol \u201eskoro\u201c ako doma. Skoro pre moje slab\u00e9 sk\u00fasenosti s enduro jazden\u00edm \uf04a Traily by som odporu\u010dil ka\u017ed\u00e9mu od za\u010diato\u010dn\u00edkov a\u017e po pokro\u010dil\u00fdch. Sprievodcovia odo m\u0148a maj\u00fa 10\/10 bodov \u2013 \u00fastretov\u00fd, netla\u010dili na m\u0148a, vysvetlili, poznali to tam = super.<\/p>\n\n\n\n<p id=\"block-c575c9df-9d23-4f5c-b21e-3f1b43aa014b\">\u2014\u2014\u2014\u2014\u2013<br>Pozn\u00e1mka Traildeer: chcem len pouk\u00e1za\u0165, \u017ee traily s\u00fa tu naozaj n\u00e1ro\u010dnej\u0161ie a v\u00fdlet nie je ur\u010den\u00fd za\u010diato\u010dn\u00edkom, no ke\u010f\u017ee \u0161lo o prv\u00fd v\u00fdjazd sem, tak sa n\u00e1m podarilo prv\u00fd de\u0148 \u010do to s Vilom aj potr\u00e9nova\u0165 a v\u0161etci sme boli z jeho mas\u00edvneho pokroku milo prekvapen\u00ed a zvy\u0161ok jazdenia zvl\u00e1dol brav\u00farne.)<\/p>\n\n\n\n<p id=\"block-c575c9df-9d23-4f5c-b21e-3f1b43aa014b\">\u010eakujeme v\u0161etk\u00fdm \u00fa\u010dastn\u00edkom a te\u0161\u00edme sa, ke\u010f ich uvid\u00edme na \u010fal\u0161\u00edch v\u00fdletoch. Ak by ste mali z\u00e1ujem sa prida\u0165 k \u010fal\u0161iemu term\u00ednu do Omi\u0161u, u\u017e vo \u0161tvrtok 28.10. s\u00fa k dispoz\u00edci\u00ed e\u0161te dve vo\u013en\u00e9 miesta, pr\u00edpadne miesta na november. Ide\u00e1lne n\u00e1m nap\u00ed\u0161te cez FB, IG alebo chat na webe a ve\u013emi radi v\u00e1m d\u00e1me \u010fal\u0161ie info. Podrobnosti o v\u00fdlete n\u00e1jdete tu. Vid\u00edme sa na trailoch.&nbsp;<a href=\"https:\/\/traildeer.com\/sk\/l\/the-best-of-croatia-mtb-zagreb-omis\/6145d1cc-ff35-48fd-a2e0-dd84ff20e611\/\">tu<\/a>. Ideally write to us via&nbsp;<a href=\"https:\/\/www.facebook.com\/traildeer\">FB<\/a>,&nbsp;<a href=\"https:\/\/www.instagram.com\/traildeer\/\">IG<\/a>&nbsp;or chat on the web and we will be happy to give you more info. Details of the trip can be found here. See you on the trails.<\/p>","protected":false},"excerpt":{"rendered":"<p>We recently brought you our report from a trip to Croatia \u2013 Zagreb and Omis (if you haven\u2019t seen it yet,\u00a0you can find it here). Next Thursday we\u2019re heading out with another group and still have two free spots and we have also added new dates for November with about 16 degrees and sunny (find [&#8230;]","protected":false},"author":1,"featured_media":875,"comment_status":"open","ping_status":"open","sticky":false,"template":"","format":"standard","meta":{"_monsterinsights_skip_tracking":false,"_monsterinsights_sitenote_active":false,"_monsterinsights_sitenote_note":"","_monsterinsights_sitenote_category":0,"footnotes":""},"categories":[1],"tags":[],"acf":[],"aioseo_notices":[],"jetpack_featured_media_url":"https:\/\/traildeer.com\/wp-content\/uploads\/2022\/02\/2Asset-41.png","_links":{"self":[{"href":"https:\/\/traildeer.com\/sk\/wp-json\/wp\/v2\/posts\/874"}],"collection":[{"href":"https:\/\/traildeer.com\/sk\/wp-json\/wp\/v2\/posts"}],"about":[{"href":"https:\/\/traildeer.com\/sk\/wp-json\/wp\/v2\/types\/post"}],"author":[{"embeddable":true,"href":"https:\/\/traildeer.com\/sk\/wp-json\/wp\/v2\/users\/1"}],"replies":[{"embeddable":true,"href":"https:\/\/traildeer.com\/sk\/wp-json\/wp\/v2\/comments?post=874"}],"version-history":[{"count":1,"href":"https:\/\/traildeer.com\/sk\/wp-json\/wp\/v2\/posts\/874\/revisions"}],"predecessor-version":[{"id":876,"href":"https:\/\/traildeer.com\/sk\/wp-json\/wp\/v2\/posts\/874\/revisions\/876"}],"wp:featuredmedia":[{"embeddable":true,"href":"https:\/\/traildeer.com\/sk\/wp-json\/wp\/v2\/media\/875"}],"wp:attachment":[{"href":"https:\/\/traildeer.com\/sk\/wp-json\/wp\/v2\/media?parent=874"}],"wp:term":[{"taxonomy":"category","embeddable":true,"href":"https:\/\/traildeer.com\/sk\/wp-json\/wp\/v2\/categories?post=874"},{"taxonomy":"post_tag","embeddable":true,"href":"https:\/\/traildeer.com\/sk\/wp-json\/wp\/v2\/tags?post=874"}],"curies":[{"name":"wp","href":"https:\/\/api.w.org\/{rel}","templated":true}]}}