{"id":2606,"date":"2023-10-27T16:03:52","date_gmt":"2023-10-27T16:03:52","guid":{"rendered":"https:\/\/traildeer.com\/?p=2606"},"modified":"2023-10-27T16:21:17","modified_gmt":"2023-10-27T16:21:17","slug":"nova-krv-vybava-a-plany-jesenne-novinky-z-traildeeru","status":"publish","type":"post","link":"https:\/\/traildeer.com\/sk\/2023\/10\/27\/nova-krv-vybava-a-plany-jesenne-novinky-z-traildeeru\/","title":{"rendered":"Nov\u00e1 krv, v\u00fdbava a pl\u00e1ny &#8211; Jesenn\u00e9 Novinky z Traildeeru"},"content":{"rendered":"<p>Ahojte Bajkerky a Bajkeri,<\/p>\n\n\n\n<p>po dlh\u0161om \u010dase tu m\u00e1me novinky z na\u0161ej dielne. Ako ste si asi v\u0161imli zobrali sme si time-out, aby sme vymysleli \u010di a ako \u010falej. Trocha ma hnev\u00e1 koleno, tak\u017ee nem\u00f4\u017eem jazdi\u0165 tak intenz\u00edvne ako predt\u00fdm, a nem\u00e1m u\u017e a\u017e to\u013eko \u010dasu a energie sa venova\u0165 pr\u00edprave v\u00fdletov. Preto sa te\u0161\u00edm, \u017ee sme spolo\u010dne s na\u0161imi deleg\u00e1tmi na\u0161li sp\u00f4sob ako m\u00f4\u017eeme pokra\u010dova\u0165 a ver\u00edm, \u017ee e\u0161te o \u00farove\u0148 lep\u0161ie ako v minulosti.<\/p>\n\n\n\n<p>T\u00fdmto by som r\u00e1d priv\u00edtal Mi\u0161a a Jan\u010diho z Turiec Trails, ktor\u00ed doteraz fungovali v \u00falohe deleg\u00e1tov a sprievodcov na na\u0161ich v\u00fdletoch, a za\u010dn\u00fa mi pom\u00e1ha\u0165 aj s veden\u00edm samotn\u00e9ho projektu, \u010do do pr\u00edpravy a exek\u00facie v\u00fdletov, tak aj s marketingom, partnerstvami, eventami at\u010f. Ver\u00edm, \u017ee to prinesie \u00farodu v podobe nov\u00fdch bajkov\u00fdch z\u00e1\u017eitkov pre n\u00e1s v\u0161etk\u00fdch.<\/p>\n\n\n\n<figure class=\"wp-block-gallery has-nested-images columns-default is-cropped wp-block-gallery-1 is-layout-flex wp-block-gallery-is-layout-flex\">\n<figure class=\"wp-block-image size-large\"><img loading=\"lazy\" decoding=\"async\" width=\"533\" height=\"800\" data-id=\"2614\" src=\"https:\/\/traildeer.com\/wp-content\/uploads\/2023\/10\/332257916_509942761350417_727545281157948583_n-533x800.jpg\" alt=\"\" class=\"wp-image-2614\" srcset=\"https:\/\/traildeer.com\/wp-content\/uploads\/2023\/10\/332257916_509942761350417_727545281157948583_n-533x800.jpg 533w, https:\/\/traildeer.com\/wp-content\/uploads\/2023\/10\/332257916_509942761350417_727545281157948583_n-267x400.jpg 267w, https:\/\/traildeer.com\/wp-content\/uploads\/2023\/10\/332257916_509942761350417_727545281157948583_n-768x1152.jpg 768w, https:\/\/traildeer.com\/wp-content\/uploads\/2023\/10\/332257916_509942761350417_727545281157948583_n-1024x1536.jpg 1024w, https:\/\/traildeer.com\/wp-content\/uploads\/2023\/10\/332257916_509942761350417_727545281157948583_n-8x12.jpg 8w, https:\/\/traildeer.com\/wp-content\/uploads\/2023\/10\/332257916_509942761350417_727545281157948583_n-1320x1980.jpg 1320w, https:\/\/traildeer.com\/wp-content\/uploads\/2023\/10\/332257916_509942761350417_727545281157948583_n-510x765.jpg 510w, https:\/\/traildeer.com\/wp-content\/uploads\/2023\/10\/332257916_509942761350417_727545281157948583_n.jpg 1365w\" sizes=\"(max-width: 533px) 100vw, 533px\" \/><\/figure>\n\n\n\n<figure class=\"wp-block-image size-large\"><img loading=\"lazy\" decoding=\"async\" width=\"1199\" height=\"800\" data-id=\"2613\" src=\"https:\/\/traildeer.com\/wp-content\/uploads\/2023\/10\/WhatsApp-Image-2023-10-27-at-18.02.09-1199x800.jpeg\" alt=\"\" class=\"wp-image-2613\" srcset=\"https:\/\/traildeer.com\/wp-content\/uploads\/2023\/10\/WhatsApp-Image-2023-10-27-at-18.02.09-1199x800.jpeg 1199w, https:\/\/traildeer.com\/wp-content\/uploads\/2023\/10\/WhatsApp-Image-2023-10-27-at-18.02.09-599x400.jpeg 599w, https:\/\/traildeer.com\/wp-content\/uploads\/2023\/10\/WhatsApp-Image-2023-10-27-at-18.02.09-768x513.jpeg 768w, https:\/\/traildeer.com\/wp-content\/uploads\/2023\/10\/WhatsApp-Image-2023-10-27-at-18.02.09-1536x1025.jpeg 1536w, https:\/\/traildeer.com\/wp-content\/uploads\/2023\/10\/WhatsApp-Image-2023-10-27-at-18.02.09-18x12.jpeg 18w, https:\/\/traildeer.com\/wp-content\/uploads\/2023\/10\/WhatsApp-Image-2023-10-27-at-18.02.09-1320x881.jpeg 1320w, https:\/\/traildeer.com\/wp-content\/uploads\/2023\/10\/WhatsApp-Image-2023-10-27-at-18.02.09-510x340.jpeg 510w, https:\/\/traildeer.com\/wp-content\/uploads\/2023\/10\/WhatsApp-Image-2023-10-27-at-18.02.09.jpeg 1600w\" sizes=\"(max-width: 1199px) 100vw, 1199px\" \/><\/figure>\n<\/figure>\n\n\n\n<p>Chalani s\u00fa obaja na trailoch doslova doma (na t\u00fdch Martinsk\u00fdch), maj\u00fa \u010do to odjazden\u00e9 aj v zahrani\u010d\u00ed, a hlavne radi sprev\u00e1dzaj\u00fa a spozn\u00e1vaj\u00fa nov\u00e9 miesta podobne ako ja. E\u0161te kr\u00e1tky shoutout smerom k ich projektu Turiec Trails. Mo\u017eno u\u017e poniektor\u00ed viete, \u017ee cie\u013eom tohto projektu je zlegalizova\u0165 jazdenie na Martinskej strane Martinsk\u00fdch Hol\u00ed. Zato im patr\u00ed ve\u013ek\u00e1 v\u010faka a palec hore, ke\u010f\u017ee to \u0161peci\u00e1lne u n\u00e1s nie je v\u00f4bec jednoduch\u00e9 a stoj\u00ed to kopec \u010dasu, energie a \u010dasto aj nervov. Ver\u00edm, \u017ee to nakoniec v\u00fdjde a budeme aj na v okol\u00ed Martina \u010doskoro vidie\u0165 ofici\u00e1lne cyklo traily. Ak ich viete akoko\u013evek podpori\u0165, tak bud\u00fa ur\u010dite v\u010fa\u010dn\u00ed.<\/p>\n\n\n\n<figure class=\"wp-block-image size-full\"><img loading=\"lazy\" decoding=\"async\" width=\"1298\" height=\"718\" src=\"https:\/\/traildeer.com\/wp-content\/uploads\/2023\/10\/WhatsApp-Image-2023-09-08-at-18.58.17-1.jpeg\" alt=\"\" class=\"wp-image-2618\" srcset=\"https:\/\/traildeer.com\/wp-content\/uploads\/2023\/10\/WhatsApp-Image-2023-09-08-at-18.58.17-1.jpeg 1298w, https:\/\/traildeer.com\/wp-content\/uploads\/2023\/10\/WhatsApp-Image-2023-09-08-at-18.58.17-1-723x400.jpeg 723w, https:\/\/traildeer.com\/wp-content\/uploads\/2023\/10\/WhatsApp-Image-2023-09-08-at-18.58.17-1-768x425.jpeg 768w, https:\/\/traildeer.com\/wp-content\/uploads\/2023\/10\/WhatsApp-Image-2023-09-08-at-18.58.17-1-18x10.jpeg 18w, https:\/\/traildeer.com\/wp-content\/uploads\/2023\/10\/WhatsApp-Image-2023-09-08-at-18.58.17-1-510x282.jpeg 510w\" sizes=\"(max-width: 1298px) 100vw, 1298px\" \/><\/figure>\n\n\n\n<p>Ale sp\u00e4\u0165 k Traildeeru. Jednu vychyt\u00e1vku \u010do chalani so sebou okrem seba sam\u00fdch prin\u00e1\u0161aj\u00fa je 9 miestna dod\u00e1vka a par\u00e1dny, novu\u010di\u010dk\u00fd a hlavne super pevn\u00fd trailer na bajky. Tak\u017ee odteraz sa m\u00f4\u017eete te\u0161i\u0165 na luxusn\u00fd transport na bajkova\u010dky \u010di mo\u017enos\u0165 shuttlingu ako s\u00fa\u010das\u0165 v\u00fdletov, z \u010doho m\u00e1m nesmiernu rados\u0165 a ver\u00edm, \u017ee mnoh\u00ed z v\u00e1s e\u0161te viac ako ja. Chalanov do detailu, ako aj bli\u017e\u0161ie info k dod\u00e1vke a voz\u00edku predstav\u00edme \u010doskoro.<\/p>\n\n\n\n<p>No a nakoniec asi to najd\u00f4le\u017eitej\u0161ie a to s\u00fa v\u00fdlety. Pre zvy\u0161ok tohto roka sme sa rozhodli ofici\u00e1lne \u017eiadne v\u00fdlety neorganizova\u0165 a namiesto toho sa plne s\u00fastredi\u0165 na pr\u00edpravu bud\u00facej sez\u00f3ny. Mo\u017eno sa s\u00fakromne nejak\u00fd ten v\u00fdlet na Malagu, \u010di Kan\u00e1rske objav\u00ed, ale to bez z\u00e1\u0161tity Traildeeru ako cestovky. Jan\u010di napr\u00edklad bud\u00faci t\u00fd\u017ede\u0148 vyr\u00e1\u017ea do Finale, tak ak by sa niekto chcel prida\u0165 sa mu ozvite. V ka\u017edom pr\u00edpade m\u00e1me vymyslen\u00fdch viacero zauj\u00edmav\u00fdch v\u00fdletov a eventov, o ktor\u00fdch budeme postupne informova\u0165 ako ich budeme pripravova\u0165. M\u00e1te sa na\u010do te\u0161i\u0165.<\/p>\n\n\n\n<p>A ako obvykle ver\u00edm, \u017ee sa \u010doskoro vid\u00edme na trailoch. Majte sa<\/p>\n\n\n\n<p>P.S. Vzh\u013eadom na po\u010dasie (nekone\u010dn\u00e9 mno\u017estvo vody, blata a listov v\u0161ade moment\u00e1lne) sme sa rozhodli Zatv\u00e1ra\u010dku sez\u00f3ny na tento rok zru\u0161i\u0165. Nejak\u00fd pojazd v\u0161ak ur\u010dite sp\u00e1chame, ale o tom potom.<\/p>","protected":false},"excerpt":{"rendered":"<p>Ahojte Bajkerky a Bajkeri, po dlh\u0161om \u010dase tu m\u00e1me novinky z na\u0161ej dielne. Ako ste si asi v\u0161imli zobrali sme si time-out, aby sme vymysleli \u010di a ako \u010falej. Trocha ma hnev\u00e1 koleno, tak\u017ee nem\u00f4\u017eem jazdi\u0165 tak intenz\u00edvne ako predt\u00fdm, a nem\u00e1m u\u017e a\u017e to\u013eko \u010dasu a energie sa venova\u0165 pr\u00edprave v\u00fdletov. Preto sa te\u0161\u00edm, [&#8230;]","protected":false},"author":1,"featured_media":2611,"comment_status":"closed","ping_status":"open","sticky":false,"template":"","format":"standard","meta":{"_monsterinsights_skip_tracking":false,"_monsterinsights_sitenote_active":false,"_monsterinsights_sitenote_note":"","_monsterinsights_sitenote_category":0,"footnotes":""},"categories":[1],"tags":[],"acf":[],"aioseo_notices":[],"jetpack_featured_media_url":"https:\/\/traildeer.com\/wp-content\/uploads\/2023\/10\/Asset-4@4x.png","_links":{"self":[{"href":"https:\/\/traildeer.com\/sk\/wp-json\/wp\/v2\/posts\/2606"}],"collection":[{"href":"https:\/\/traildeer.com\/sk\/wp-json\/wp\/v2\/posts"}],"about":[{"href":"https:\/\/traildeer.com\/sk\/wp-json\/wp\/v2\/types\/post"}],"author":[{"embeddable":true,"href":"https:\/\/traildeer.com\/sk\/wp-json\/wp\/v2\/users\/1"}],"replies":[{"embeddable":true,"href":"https:\/\/traildeer.com\/sk\/wp-json\/wp\/v2\/comments?post=2606"}],"version-history":[{"count":6,"href":"https:\/\/traildeer.com\/sk\/wp-json\/wp\/v2\/posts\/2606\/revisions"}],"predecessor-version":[{"id":2623,"href":"https:\/\/traildeer.com\/sk\/wp-json\/wp\/v2\/posts\/2606\/revisions\/2623"}],"wp:featuredmedia":[{"embeddable":true,"href":"https:\/\/traildeer.com\/sk\/wp-json\/wp\/v2\/media\/2611"}],"wp:attachment":[{"href":"https:\/\/traildeer.com\/sk\/wp-json\/wp\/v2\/media?parent=2606"}],"wp:term":[{"taxonomy":"category","embeddable":true,"href":"https:\/\/traildeer.com\/sk\/wp-json\/wp\/v2\/categories?post=2606"},{"taxonomy":"post_tag","embeddable":true,"href":"https:\/\/traildeer.com\/sk\/wp-json\/wp\/v2\/tags?post=2606"}],"curies":[{"name":"wp","href":"https:\/\/api.w.org\/{rel}","templated":true}]}}