{"id":2129,"date":"2023-02-09T17:17:22","date_gmt":"2023-02-09T17:17:22","guid":{"rendered":"https:\/\/traildeer.com\/?p=2129"},"modified":"2023-02-09T18:10:15","modified_gmt":"2023-02-09T18:10:15","slug":"meet-our-new-bike-delegate-martin-klucka","status":"publish","type":"post","link":"https:\/\/traildeer.com\/sk\/2023\/02\/09\/meet-our-new-bike-delegate-martin-klucka\/","title":{"rendered":"Predstavujeme n\u00e1\u0161ho bajk-deleg\u00e1ta #1 - Martin Klu\u010dka"},"content":{"rendered":"<p>In this continuous series we will be introducing the Traildeer riding team with individual Delegates that will be accompanying our riders on the trips along the way making sure everyone is happy and having a blast on the trails. Through this series you will be able to get to know the guys in more detail both in the saddle and out of it. Don\u2019t hesitate to leave a question for them in the comments at the bottom and if you\u2019d like to learn more about becoming part of our&nbsp; delegate team you can learn more <a href=\"https:\/\/traildeer.com\/sk\/2022\/12\/25\/join-as-a-bike-delegate-and-ride-for-free\/\" title=\"tu\">tu<\/a>.&nbsp;<\/p>\n\n\n\n<p>1. <strong>Ahoj Ma\u0165o, vitaj v Traildeere. Na \u00favod n\u00e1m o sebe nie\u010do kr\u00e1tko povedz.<\/strong><\/p>\n\n\n\n<p>Ahojte vol\u00e1m sa Ma\u0165o Klu\u010dka, m\u00e1m 38 rokov, poch\u00e1dzam z Nov\u00fdch Z\u00e1mkov, a \u017eijem v ich okol\u00ed. Som podnikate\u013e a prev\u00e1dzkujem mal\u00fa B2B firmu, ktor\u00e1 mi d\u00e1va slobodu ve\u013ea bajkova\u0165 a robi\u0165 kopec \u010fal\u0161\u00edch vec\u00ed. Najbli\u017e\u0161ie schopn\u00e9 traily m\u00e1m 60 kilometrov od domu :-)<\/p>\n\n\n\n<p><strong>Pre\u010do je pr\u00e1ve MTB\u00e9\u010dko tvoj ob\u013e\u00faben\u00fd \u0161port?&nbsp;&nbsp;&nbsp;&nbsp;&nbsp;&nbsp;<\/strong><\/p>\n\n\n\n<p>Na bajku vie\u0161 prejs\u0165 ve\u013ek\u00fa vzdialenos\u0165 za kr\u00e1tky \u010das. Alebo kr\u00e1tku vzdialenos\u0165 za dlh\u00fd \u010das, tempo a cie\u013e je \u00faplne na tebe.<\/p>\n\n\n\n<p>3. <strong>Pre\u010do si sa rozhodol sta\u0165 sa deleg\u00e1tom u n\u00e1s?<\/strong><\/p>\n\n\n\n<p>Najm\u00e4 kv\u00f4li cestovaniu do zahrani\u010dia a spozn\u00e1vaniu nov\u00fdch jazdeck\u00fdch lokal\u00edt. Nie je lep\u0161\u00ed pocit ako by\u0165 na bicykli.<\/p>\n\n\n\n<p><strong>4. Jazd\u00ed\u0161 aj nejak\u00e9 in\u00e9 cyklistick\u00e9 discipl\u00edny? Cestu, gravel \u010di ebajk?<\/strong><\/p>\n\n\n\n<p>Trena\u017e\u00e9r je tie\u017e discipl\u00edna? :-) Okrem horsk\u00e9ho u\u017e len pump track na dirt bajku, to mi zatia\u013e \u00faplne sta\u010d\u00ed.<\/p>\n\n\n\n<figure class=\"wp-block-image size-large\"><img loading=\"lazy\" decoding=\"async\" width=\"1200\" height=\"800\" src=\"https:\/\/traildeer.com\/wp-content\/uploads\/2023\/02\/Pump-track-1200x800.jpeg\" alt=\"\" class=\"wp-image-2134\" srcset=\"https:\/\/traildeer.com\/wp-content\/uploads\/2023\/02\/Pump-track-1200x800.jpeg 1200w, https:\/\/traildeer.com\/wp-content\/uploads\/2023\/02\/Pump-track-600x400.jpeg 600w, https:\/\/traildeer.com\/wp-content\/uploads\/2023\/02\/Pump-track-768x512.jpeg 768w, https:\/\/traildeer.com\/wp-content\/uploads\/2023\/02\/Pump-track-1536x1024.jpeg 1536w, https:\/\/traildeer.com\/wp-content\/uploads\/2023\/02\/Pump-track-18x12.jpeg 18w, https:\/\/traildeer.com\/wp-content\/uploads\/2023\/02\/Pump-track-1320x880.jpeg 1320w, https:\/\/traildeer.com\/wp-content\/uploads\/2023\/02\/Pump-track-510x340.jpeg 510w, https:\/\/traildeer.com\/wp-content\/uploads\/2023\/02\/Pump-track.jpeg 1600w\" sizes=\"(max-width: 1200px) 100vw, 1200px\" \/><\/figure>\n\n\n\n<p>5. <strong>\u010co s\u00fa tvoje top miesta na jazdenie, ktor\u00e9 sa ti doteraz najviac p\u00e1\u010dili?<\/strong><\/p>\n\n\n\n<p>Je ich pr\u00edli\u0161 ve\u013ea, ale najviac sa mi asi p\u00e1\u010dili Nauders\/Reschen s jeho 3 L\u00e4nder Enduro, za m\u0148a rozhodne najlep\u0161ie technick\u00e9 pr\u00edrodn\u00e9 singl\u00e1\u010de. Na zozname t\u00fdch najlep\u0161\u00edch s\u00fa takisto \u010crna na Koro\u0161kem v Slovinsku \u010di notoricky zn\u00e1me Finale Ligure.<\/p>\n\n\n\n<p>6. <strong>V\u0161etko zahrani\u010dn\u00e9 lokality, v r\u00e1mci Slovenska m\u00e1s nie\u010do ob\u013e\u00faben\u00e9?<\/strong><\/p>\n\n\n\n<p>Ale jasn\u00e1 vec. Najrad\u0161ej m\u00e1m Kuneradske traily pod Martinkami, alebo aj Cyklostopy v Starej \u013dubovni, no m\u00e1me tu toho mnoho, \u010do stoj\u00ed zato.<\/p>\n\n\n\n<p>7. <strong>Ktor\u00fd je tvoj najob\u013e\u00fabenej\u0161\u00ed trail? Doma v zahrani\u010d\u00ed?<\/strong><\/p>\n\n\n\n<p>Doma by to asi bola L\u00fd\u0161\u010dia stopa pr\u00e1ve v \u013dubovni a v zahrani\u010d\u00ed Bunker, \u010di Haideralm trail v Reschene.<\/p>\n\n\n\n<p>8. <strong>Kam by si si chcel \u00eds\u0165 v bud\u00facnosti zajazdi\u0165 najviac?<\/strong><\/p>\n\n\n\n<p>Jednozna\u010dne \u0160panielsko, je tam to\u013eko par\u00e1dnych a aj relat\u00edvne m\u00e1lo zn\u00e1mych destin\u00e1ci\u00ed od Malagy, cez Ainsu, Pyreneje \u010di okolo Baskick\u00e9ho pobre\u017eia\u2026 Tieto miesta by mi ur\u010dite splnili moje bajkov\u00e9 sny. V \u0160panielsku som \u017eil 3 roky, av\u0161ak to\u013eko som toho nepojazdil, tak\u017ee to mus\u00edm napravi\u0165. Na druhom konci spektra by som tie\u017e r\u00e1d nav\u0161t\u00edvil \u0160k\u00f3tsko a jeho Fort William, alebo dokonca opusten\u00fd Isle of Skye pre \u00faplne in\u00fd a ove\u013ea mokrej\u0161\u00ed z\u00e1\u017eitok z jazdy:)<\/p>\n\n\n\n<figure class=\"wp-block-image size-large\"><img loading=\"lazy\" decoding=\"async\" width=\"1200\" height=\"800\" src=\"https:\/\/traildeer.com\/wp-content\/uploads\/2023\/02\/Ks6N-D6GZYg2aJONJW9MCHH268tO9PN3g66aFFWGli4-2048x1365-1-1200x800.jpeg\" alt=\"\" class=\"wp-image-2131\" srcset=\"https:\/\/traildeer.com\/wp-content\/uploads\/2023\/02\/Ks6N-D6GZYg2aJONJW9MCHH268tO9PN3g66aFFWGli4-2048x1365-1-1200x800.jpeg 1200w, https:\/\/traildeer.com\/wp-content\/uploads\/2023\/02\/Ks6N-D6GZYg2aJONJW9MCHH268tO9PN3g66aFFWGli4-2048x1365-1-600x400.jpeg 600w, https:\/\/traildeer.com\/wp-content\/uploads\/2023\/02\/Ks6N-D6GZYg2aJONJW9MCHH268tO9PN3g66aFFWGli4-2048x1365-1-768x512.jpeg 768w, https:\/\/traildeer.com\/wp-content\/uploads\/2023\/02\/Ks6N-D6GZYg2aJONJW9MCHH268tO9PN3g66aFFWGli4-2048x1365-1-1536x1024.jpeg 1536w, https:\/\/traildeer.com\/wp-content\/uploads\/2023\/02\/Ks6N-D6GZYg2aJONJW9MCHH268tO9PN3g66aFFWGli4-2048x1365-1-18x12.jpeg 18w, https:\/\/traildeer.com\/wp-content\/uploads\/2023\/02\/Ks6N-D6GZYg2aJONJW9MCHH268tO9PN3g66aFFWGli4-2048x1365-1-1320x880.jpeg 1320w, https:\/\/traildeer.com\/wp-content\/uploads\/2023\/02\/Ks6N-D6GZYg2aJONJW9MCHH268tO9PN3g66aFFWGli4-2048x1365-1-510x340.jpeg 510w, https:\/\/traildeer.com\/wp-content\/uploads\/2023\/02\/Ks6N-D6GZYg2aJONJW9MCHH268tO9PN3g66aFFWGli4-2048x1365-1.jpeg 1599w\" sizes=\"(max-width: 1200px) 100vw, 1200px\" \/><\/figure>\n\n\n\n<p>9. <strong>Ak\u00e9 trate m\u00e1\u0161 najrad\u0161ej a ak\u00e1 je n\u00e1ro\u010dnos\u0165?<\/strong><\/p>\n\n\n\n<p>M\u00e1m r\u00e1d v\u00e4\u010d\u0161inu trailov, nech s\u00fa ak\u00e9ko\u013evek, ale uprednost\u0148ujem pr\u00edrodn\u00e9, ide\u00e1lne hrabankov\u00e9 a ani nemusia by\u0165 super technick\u00e9. R\u00fdchlos\u0165, flow a primeran\u00e1 \u00farove\u0148 techniky s\u00fa pre m\u0148a kombom, ktor\u00e9 m\u00e1m najrad\u0161ej.<\/p>\n\n\n\n<p>10. <strong>Na akom bajku teraz jazd\u00ed\u0161?<\/strong><\/p>\n\n\n\n<p>Moment\u00e1lne jazd\u00edm na Transition Sentinel V2. Predt\u00fdm som jazdil na Ibis Ripmo V2 a povedal by som to tak, Ripmo je na z\u00e1bavu Sentinel na biznis :) Ale ur\u010dite chcem \u010doskoro sk\u00fasi\u0165 aj trail bajk s men\u0161\u00edm zdvihom, \u017ee \u010do to sprav\u00ed.<\/p>\n\n\n\n<p>11. <strong>Ak\u00e1 je tvoja ob\u013e\u00faben\u00e1 prek\u00e1\u017eka \u010di trik na traily? Bav\u00ed \u0165a nie\u010do konkr\u00e9tne?<\/strong><\/p>\n\n\n\n<p>Nie veru, v\u0161etko m\u00e1 pre m\u0148a svoje \u010daro od sk\u00e1kania, cez dropy, rezanie klopiek a\u017e po pomal\u00e9 swit\u010de. Av\u0161ak v\u0161etko je lep\u0161ie ak to m\u00e1 m\u00e4ku\u010dk\u00fa hrabanku ako podklad.&nbsp;&nbsp;&nbsp;&nbsp;&nbsp;&nbsp;&nbsp;&nbsp;&nbsp;<\/p>\n\n\n\n<figure class=\"wp-block-image size-large\"><img loading=\"lazy\" decoding=\"async\" width=\"1199\" height=\"800\" src=\"https:\/\/traildeer.com\/wp-content\/uploads\/2023\/02\/WhatsApp-Image-2023-01-26-at-10.53.49-1199x800.jpeg\" alt=\"\" class=\"wp-image-2132\" srcset=\"https:\/\/traildeer.com\/wp-content\/uploads\/2023\/02\/WhatsApp-Image-2023-01-26-at-10.53.49-1199x800.jpeg 1199w, https:\/\/traildeer.com\/wp-content\/uploads\/2023\/02\/WhatsApp-Image-2023-01-26-at-10.53.49-600x400.jpeg 600w, https:\/\/traildeer.com\/wp-content\/uploads\/2023\/02\/WhatsApp-Image-2023-01-26-at-10.53.49-768x512.jpeg 768w, https:\/\/traildeer.com\/wp-content\/uploads\/2023\/02\/WhatsApp-Image-2023-01-26-at-10.53.49-1536x1025.jpeg 1536w, https:\/\/traildeer.com\/wp-content\/uploads\/2023\/02\/WhatsApp-Image-2023-01-26-at-10.53.49-18x12.jpeg 18w, https:\/\/traildeer.com\/wp-content\/uploads\/2023\/02\/WhatsApp-Image-2023-01-26-at-10.53.49-1320x880.jpeg 1320w, https:\/\/traildeer.com\/wp-content\/uploads\/2023\/02\/WhatsApp-Image-2023-01-26-at-10.53.49-510x340.jpeg 510w, https:\/\/traildeer.com\/wp-content\/uploads\/2023\/02\/WhatsApp-Image-2023-01-26-at-10.53.49.jpeg 2048w\" sizes=\"(max-width: 1199px) 100vw, 1199px\" \/><\/figure>\n\n\n\n<p><strong>12. Jazd\u00ed\u0161 Fox \u010di RockShox ?<\/strong><\/p>\n\n\n\n<p>Ani jedno. Jazd\u00edm Manitou :)<\/p>\n\n\n\n<p><strong>13. SRAM alebo Shimano?<\/strong><\/p>\n\n\n\n<p>SRAM kedyko\u013evek.<\/p>\n\n\n\n<p><strong>14. Ko\u013eko KM si najazdil minul\u00fd rok? Nejak\u00e9 ciele na tento rok?<\/strong><\/p>\n\n\n\n<p>Bolo to cez 4000 kilometrov a rad\u0161ej si ned\u00e1vam \u017eiadne di\u0161tan\u010dn\u00e9 ciele. A potom ma v\u00fdsledok sn\u00e1\u010f milo prekvap\u00ed :)&nbsp;&nbsp;<\/p>\n\n\n\n<p><strong>15. Ak\u00fa m\u00e1\u0161 kondi\u010dku, hlavne teda v tej pre bajkerov najob\u013e\u00fabenej\u0161ej \u010dasti - smerom hore.<\/strong><\/p>\n\n\n\n<p>Nie skvel\u00fa, nie stra\u0161n\u00fa. V\u00e4\u010d\u0161inou som na kopci medzi prv\u00fdmi, ale v \u017eiadnom pr\u00edpade by som nevedel z\u00e1vodi\u0165 s XC\u010dk\u00e1rmi.<\/p>\n\n\n\n<figure class=\"wp-block-image size-large\"><img loading=\"lazy\" decoding=\"async\" width=\"1201\" height=\"800\" src=\"https:\/\/traildeer.com\/wp-content\/uploads\/2023\/02\/35TnOYxdU83Y0TE8IEOM3QPeu2UnEBn8iwjbC-tBWW8-2048x1364-1-1201x800.jpeg\" alt=\"\" class=\"wp-image-2140\" srcset=\"https:\/\/traildeer.com\/wp-content\/uploads\/2023\/02\/35TnOYxdU83Y0TE8IEOM3QPeu2UnEBn8iwjbC-tBWW8-2048x1364-1-1201x800.jpeg 1201w, https:\/\/traildeer.com\/wp-content\/uploads\/2023\/02\/35TnOYxdU83Y0TE8IEOM3QPeu2UnEBn8iwjbC-tBWW8-2048x1364-1-600x400.jpeg 600w, https:\/\/traildeer.com\/wp-content\/uploads\/2023\/02\/35TnOYxdU83Y0TE8IEOM3QPeu2UnEBn8iwjbC-tBWW8-2048x1364-1-768x512.jpeg 768w, https:\/\/traildeer.com\/wp-content\/uploads\/2023\/02\/35TnOYxdU83Y0TE8IEOM3QPeu2UnEBn8iwjbC-tBWW8-2048x1364-1-1536x1023.jpeg 1536w, https:\/\/traildeer.com\/wp-content\/uploads\/2023\/02\/35TnOYxdU83Y0TE8IEOM3QPeu2UnEBn8iwjbC-tBWW8-2048x1364-1-18x12.jpeg 18w, https:\/\/traildeer.com\/wp-content\/uploads\/2023\/02\/35TnOYxdU83Y0TE8IEOM3QPeu2UnEBn8iwjbC-tBWW8-2048x1364-1-1320x879.jpeg 1320w, https:\/\/traildeer.com\/wp-content\/uploads\/2023\/02\/35TnOYxdU83Y0TE8IEOM3QPeu2UnEBn8iwjbC-tBWW8-2048x1364-1-510x340.jpeg 510w, https:\/\/traildeer.com\/wp-content\/uploads\/2023\/02\/35TnOYxdU83Y0TE8IEOM3QPeu2UnEBn8iwjbC-tBWW8-2048x1364-1.jpeg 1600w\" sizes=\"(max-width: 1201px) 100vw, 1201px\" \/><\/figure>\n\n\n\n<p>16. <strong>Ak\u00e1 a kde bola tvoja najdlh\u0161ia jazda?&nbsp;&nbsp;&nbsp;&nbsp;&nbsp;<\/strong><\/p>\n\n\n\n<p>Bolo to pred troma rokmi v Kunerade so 60 km a viac ako 2200 metrov\u00fdm prev\u00fd\u0161en\u00edm.<\/p>\n\n\n\n<p>17. <strong>\u010co rob\u00ed\u0161, ke\u010f nebajkuje\u0161?<\/strong><\/p>\n\n\n\n<p>M\u00e1m r\u00e1d \u0161port v\u0161eobecne - hokej, florbal, futbal... Tie\u017e r\u00e1d fot\u00edm a to najm\u00e4 \u0161portov\u00fa fotografiu.<\/p>\n\n\n\n<p>18. <strong>\u010co nezn\u00e1\u0161a\u0161, ke\u010f bajkuje\u0161?<\/strong><\/p>\n\n\n\n<p>Vo\u013en\u00e9 kamene a defekt na traily... A hlavne teda ke\u010f s n\u00edm kus odjazd\u00ed\u0161 na raf\u00edku, predt\u00fdm ako to zist\u00ed\u0161 \ud83d\ude42<\/p>\n\n\n\n<p><strong>19. Ak\u00fdmi jazykmi hovor\u00ed\u0161?<\/strong><\/p>\n\n\n\n<p>Angli\u010dtina a \u0161paniel\u010dina, tak\u017ee preto asi aj tie vysn\u00edvan\u00e9 destin\u00e1cie.<\/p>\n\n\n\n<figure class=\"wp-block-image size-large\"><img loading=\"lazy\" decoding=\"async\" width=\"1199\" height=\"800\" src=\"https:\/\/traildeer.com\/wp-content\/uploads\/2023\/02\/WhatsApp-Image-2023-01-26-at-10.53.02-1199x800.jpeg\" alt=\"\" class=\"wp-image-2133\" srcset=\"https:\/\/traildeer.com\/wp-content\/uploads\/2023\/02\/WhatsApp-Image-2023-01-26-at-10.53.02-1199x800.jpeg 1199w, https:\/\/traildeer.com\/wp-content\/uploads\/2023\/02\/WhatsApp-Image-2023-01-26-at-10.53.02-600x400.jpeg 600w, https:\/\/traildeer.com\/wp-content\/uploads\/2023\/02\/WhatsApp-Image-2023-01-26-at-10.53.02-768x512.jpeg 768w, https:\/\/traildeer.com\/wp-content\/uploads\/2023\/02\/WhatsApp-Image-2023-01-26-at-10.53.02-1536x1025.jpeg 1536w, https:\/\/traildeer.com\/wp-content\/uploads\/2023\/02\/WhatsApp-Image-2023-01-26-at-10.53.02-18x12.jpeg 18w, https:\/\/traildeer.com\/wp-content\/uploads\/2023\/02\/WhatsApp-Image-2023-01-26-at-10.53.02-1320x880.jpeg 1320w, https:\/\/traildeer.com\/wp-content\/uploads\/2023\/02\/WhatsApp-Image-2023-01-26-at-10.53.02-510x340.jpeg 510w, https:\/\/traildeer.com\/wp-content\/uploads\/2023\/02\/WhatsApp-Image-2023-01-26-at-10.53.02.jpeg 2048w\" sizes=\"(max-width: 1199px) 100vw, 1199px\" \/><\/figure>\n\n\n\n<p>20. <strong>Kde \u0165a m\u00f4\u017eu \u013eudia n\u00e1js\u0165 online a offline?<\/strong><\/p>\n\n\n\n<p>Na \u010fal\u0161om Traildeer v\u00fdlete do Malagy :-) a mnoh\u00fdch \u010fal\u0161\u00edch, ktor\u00e9 pripravujeme do \u0160panielska a samozrejme na trailoch na Slovensku.<\/p>\n\n\n\n<p>\u010co sa online t\u00fdka tak tu:<\/p>\n\n\n\n<p><a href=\"https:\/\/www.strava.com\/athletes\/34376722\" title=\"Strava martin_klucka\">Strava martin_klu\u010dka<\/a> <\/p>\n\n\n\n<p><a href=\"https:\/\/www.instagram.com\/martin_klucka\/\" title=\"Instagram\">Instagram martin_klucka<\/a><\/p>\n\n\n\n<p>Ma\u0165o \u010fakujeme za rozhovor a te\u0161\u00edme sa, \u017ee sa s tebou v budeme stret\u00e1va\u0165 na mnoh\u00fdch dobrodru\u017estv\u00e1ch na bajku a tie\u017e na \u010fal\u0161\u00ed pokec \u010doskoro.<\/p>","protected":false},"excerpt":{"rendered":"<p>In this continuous series we will be introducing the Traildeer riding team with individual Delegates that will be accompanying our riders on the trips along the way making sure everyone is happy and having a blast on the trails. Through this series you will be able to get to know the guys in more detail [&#8230;]","protected":false},"author":1,"featured_media":2130,"comment_status":"open","ping_status":"open","sticky":false,"template":"","format":"standard","meta":{"_monsterinsights_skip_tracking":false,"_monsterinsights_sitenote_active":false,"_monsterinsights_sitenote_note":"","_monsterinsights_sitenote_category":0,"footnotes":""},"categories":[1],"tags":[],"acf":[],"aioseo_notices":[],"jetpack_featured_media_url":"https:\/\/traildeer.com\/wp-content\/uploads\/2023\/02\/WhatsApp-Image-2023-01-26-at-09.11.06.jpeg","_links":{"self":[{"href":"https:\/\/traildeer.com\/sk\/wp-json\/wp\/v2\/posts\/2129"}],"collection":[{"href":"https:\/\/traildeer.com\/sk\/wp-json\/wp\/v2\/posts"}],"about":[{"href":"https:\/\/traildeer.com\/sk\/wp-json\/wp\/v2\/types\/post"}],"author":[{"embeddable":true,"href":"https:\/\/traildeer.com\/sk\/wp-json\/wp\/v2\/users\/1"}],"replies":[{"embeddable":true,"href":"https:\/\/traildeer.com\/sk\/wp-json\/wp\/v2\/comments?post=2129"}],"version-history":[{"count":12,"href":"https:\/\/traildeer.com\/sk\/wp-json\/wp\/v2\/posts\/2129\/revisions"}],"predecessor-version":[{"id":2149,"href":"https:\/\/traildeer.com\/sk\/wp-json\/wp\/v2\/posts\/2129\/revisions\/2149"}],"wp:featuredmedia":[{"embeddable":true,"href":"https:\/\/traildeer.com\/sk\/wp-json\/wp\/v2\/media\/2130"}],"wp:attachment":[{"href":"https:\/\/traildeer.com\/sk\/wp-json\/wp\/v2\/media?parent=2129"}],"wp:term":[{"taxonomy":"category","embeddable":true,"href":"https:\/\/traildeer.com\/sk\/wp-json\/wp\/v2\/categories?post=2129"},{"taxonomy":"post_tag","embeddable":true,"href":"https:\/\/traildeer.com\/sk\/wp-json\/wp\/v2\/tags?post=2129"}],"curies":[{"name":"wp","href":"https:\/\/api.w.org\/{rel}","templated":true}]}}