{"id":2094,"date":"2023-01-21T16:59:49","date_gmt":"2023-01-21T16:59:49","guid":{"rendered":"https:\/\/traildeer.com\/?p=2094"},"modified":"2023-01-24T14:54:43","modified_gmt":"2023-01-24T14:54:43","slug":"three-not-so-well-known-mountain-bike-gems-in-spain","status":"publish","type":"post","link":"https:\/\/traildeer.com\/sk\/2023\/01\/21\/three-not-so-well-known-mountain-bike-gems-in-spain\/","title":{"rendered":"Tri menej zn\u00e1me bajkov\u00e9 klenoty \u0160panielska"},"content":{"rendered":"<p>Ke\u010f\u017ee zimn\u00e9 po\u010dasie sa n\u00e1m nakoniec predsalen oto\u010dilo \u0161karedou stranou, rozhodli sme sa pozrie\u0165 na nejak\u00e9 destin\u00e1cie kam jej utiec\u0165, a tento kr\u00e1t sme sa kukli na \u0160panielsko. V\u0161etky tri lokality - Mallorca, Ainsa a pobre\u017eie Baskicka s\u00fa dostupn\u00e9 do 2,5 hodiny lietadlom z Viedne alebo Bratislavy, tak\u017ee predstavuj\u00fa perfektn\u00e9 miesto na r\u00fdchly \u00falet na p\u00e1r dn\u00ed jazdenia, aj ke\u010f ka\u017ed\u00e1 z nich pon\u00faka traily na nieko\u013eko t\u00fd\u017ed\u0148ov. Ktor\u00e1 sa p\u00e1\u010di najviac tebe?<\/p>\n\n\n\n<figure class=\"wp-block-image size-large\"><img loading=\"lazy\" decoding=\"async\" width=\"1204\" height=\"800\" src=\"https:\/\/traildeer.com\/wp-content\/uploads\/2023\/01\/AdobeStock_280363474-1204x800.jpeg\" alt=\"\" class=\"wp-image-2097\" srcset=\"https:\/\/traildeer.com\/wp-content\/uploads\/2023\/01\/AdobeStock_280363474-1204x800.jpeg 1204w, https:\/\/traildeer.com\/wp-content\/uploads\/2023\/01\/AdobeStock_280363474-602x400.jpeg 602w, https:\/\/traildeer.com\/wp-content\/uploads\/2023\/01\/AdobeStock_280363474-768x510.jpeg 768w, https:\/\/traildeer.com\/wp-content\/uploads\/2023\/01\/AdobeStock_280363474-1536x1020.jpeg 1536w, https:\/\/traildeer.com\/wp-content\/uploads\/2023\/01\/AdobeStock_280363474-2048x1360.jpeg 2048w, https:\/\/traildeer.com\/wp-content\/uploads\/2023\/01\/AdobeStock_280363474-18x12.jpeg 18w, https:\/\/traildeer.com\/wp-content\/uploads\/2023\/01\/AdobeStock_280363474-1320x877.jpeg 1320w, https:\/\/traildeer.com\/wp-content\/uploads\/2023\/01\/AdobeStock_280363474-510x339.jpeg 510w\" sizes=\"(max-width: 1204px) 100vw, 1204px\" \/><\/figure>\n\n\n\n<p><strong>Mallorca<\/strong><\/p>\n\n\n\n<p>Ve\u013emi ob\u013e\u00faben\u00fd spot pre cestn\u00fdch cyklistov, ale menej zn\u00e1my, no napriek tomu skvel\u00fd aj pre celkom drsn\u00fa horsk\u00fa cyklistiku je pr\u00e1ve \u0160panielsky ostrov Mallorca. Ak m\u00e1\u0161 r\u00e1d skalnat\u00e9, slne\u010dn\u00e9 a such\u00e9 traily, neh\u013eadaj \u010falej. Mallorca je v tomto ide\u00e1lna. Skoro zo v\u0161etk\u00fdch trailov je vidie\u0165 oce\u00e1n, \u010do je v porovnan\u00ed napr\u00edklad s Malagou, kde hory s\u00fa k\u00fasok \u010falej od pobre\u017eia ve\u013ek\u00e9 plus. Najob\u013e\u00fabenej\u0161\u00edmi MTB miestami na ostrove s\u00fa pohorie Tramuntana, oblasti Esporles alebo Andratx. S viac ako <a href=\"https:\/\/www.trailforks.com\/region\/mallorca\/\" title=\"300+ zna\u010dn\u00fdmi tralami na Trailforkse\">300+ zna\u010dn\u00fdmi tralami na Trailforkse<\/a> je naozaj z \u010doho vybera\u0165. Nie je to v\u0161ak len o skal\u00e1ch napr. v Peguere sme sa zamilovali do flow trailov s relat\u00edvne miernym st\u00fapan\u00edm a r\u00fdchlym v\u00fd\u0161\u013eapom v r\u00e1mci prv\u00e9ho <a href=\"https:\/\/www.trailforks.com\/region\/trailpark-paguera-13431\/\" title=\"\">Paguera Trail Park<\/a> . Je to super na obmenu ter\u00e9nu, ak v\u00e1m n\u00e1hodou nebude skalnat\u00fd ter\u00e9n de\u0148 \u010do de\u0148 vyhovova\u0165. S\u00edce ich nie je ve\u013ea, ale v bl\u00edzkosti pobre\u017eia s\u00fa aj celkom malebn\u00e9 traily, kde si naozaj do s\u00fdtosti u\u017eijete v\u00fdh\u013eadov na more. Mallorca je ide\u00e1lna aj po\u010das zimn\u00fdch mesiacov, aj ke\u010f tento rok to ani tam moment\u00e1lne s 9 stup\u0148ami nevyzer\u00e1 najl\u00e1kavej\u0161ie. Preto to vid\u00edme sk\u00f4r na koniec zimy, jar \u010di a jese\u0148, preto\u017ee vtedy je tu po\u010dasie na jazdenie ako stvoren\u00e9 a nie je tu ve\u013ea \u013eud\u00ed.<\/p>\n\n\n\n<figure class=\"wp-block-gallery has-nested-images columns-default is-cropped wp-block-gallery-1 is-layout-flex wp-block-gallery-is-layout-flex\">\n<figure class=\"wp-block-image size-large\"><img loading=\"lazy\" decoding=\"async\" width=\"1200\" height=\"800\" data-id=\"2100\" src=\"https:\/\/traildeer.com\/wp-content\/uploads\/2023\/01\/IMG_1064-1200x800.jpg\" alt=\"\" class=\"wp-image-2100\" srcset=\"https:\/\/traildeer.com\/wp-content\/uploads\/2023\/01\/IMG_1064-1200x800.jpg 1200w, https:\/\/traildeer.com\/wp-content\/uploads\/2023\/01\/IMG_1064-600x400.jpg 600w, https:\/\/traildeer.com\/wp-content\/uploads\/2023\/01\/IMG_1064-768x512.jpg 768w, https:\/\/traildeer.com\/wp-content\/uploads\/2023\/01\/IMG_1064-1536x1024.jpg 1536w, https:\/\/traildeer.com\/wp-content\/uploads\/2023\/01\/IMG_1064-2048x1365.jpg 2048w, https:\/\/traildeer.com\/wp-content\/uploads\/2023\/01\/IMG_1064-18x12.jpg 18w, https:\/\/traildeer.com\/wp-content\/uploads\/2023\/01\/IMG_1064-1320x880.jpg 1320w, https:\/\/traildeer.com\/wp-content\/uploads\/2023\/01\/IMG_1064-510x340.jpg 510w\" sizes=\"(max-width: 1200px) 100vw, 1200px\" \/><\/figure>\n\n\n\n<figure class=\"wp-block-image size-large\"><img loading=\"lazy\" decoding=\"async\" width=\"1067\" height=\"800\" data-id=\"2098\" src=\"https:\/\/traildeer.com\/wp-content\/uploads\/2023\/01\/IMG_6559-1067x800.jpeg\" alt=\"\" class=\"wp-image-2098\" srcset=\"https:\/\/traildeer.com\/wp-content\/uploads\/2023\/01\/IMG_6559-1067x800.jpeg 1067w, https:\/\/traildeer.com\/wp-content\/uploads\/2023\/01\/IMG_6559-533x400.jpeg 533w, https:\/\/traildeer.com\/wp-content\/uploads\/2023\/01\/IMG_6559-768x576.jpeg 768w, https:\/\/traildeer.com\/wp-content\/uploads\/2023\/01\/IMG_6559-1536x1152.jpeg 1536w, https:\/\/traildeer.com\/wp-content\/uploads\/2023\/01\/IMG_6559-2048x1536.jpeg 2048w, https:\/\/traildeer.com\/wp-content\/uploads\/2023\/01\/IMG_6559-16x12.jpeg 16w, https:\/\/traildeer.com\/wp-content\/uploads\/2023\/01\/IMG_6559-1320x990.jpeg 1320w, https:\/\/traildeer.com\/wp-content\/uploads\/2023\/01\/IMG_6559-510x383.jpeg 510w\" sizes=\"(max-width: 1067px) 100vw, 1067px\" \/><\/figure>\n\n\n\n<figure class=\"wp-block-image size-large\"><img loading=\"lazy\" decoding=\"async\" width=\"1334\" height=\"750\" data-id=\"2099\" src=\"https:\/\/traildeer.com\/wp-content\/uploads\/2023\/01\/IMG_6850.png\" alt=\"\" class=\"wp-image-2099\" srcset=\"https:\/\/traildeer.com\/wp-content\/uploads\/2023\/01\/IMG_6850.png 1334w, https:\/\/traildeer.com\/wp-content\/uploads\/2023\/01\/IMG_6850-711x400.png 711w, https:\/\/traildeer.com\/wp-content\/uploads\/2023\/01\/IMG_6850-768x432.png 768w, https:\/\/traildeer.com\/wp-content\/uploads\/2023\/01\/IMG_6850-18x10.png 18w, https:\/\/traildeer.com\/wp-content\/uploads\/2023\/01\/IMG_6850-1320x742.png 1320w, https:\/\/traildeer.com\/wp-content\/uploads\/2023\/01\/IMG_6850-510x287.png 510w\" sizes=\"(max-width: 1334px) 100vw, 1334px\" \/><\/figure>\n<\/figure>\n\n\n\n<figure class=\"wp-block-image size-large\"><img loading=\"lazy\" decoding=\"async\" width=\"1200\" height=\"800\" src=\"https:\/\/traildeer.com\/wp-content\/uploads\/2023\/01\/0-1-1200x800.webp\" alt=\"\" class=\"wp-image-2101\" srcset=\"https:\/\/traildeer.com\/wp-content\/uploads\/2023\/01\/0-1-1200x800.webp 1200w, https:\/\/traildeer.com\/wp-content\/uploads\/2023\/01\/0-1-600x400.webp 600w, https:\/\/traildeer.com\/wp-content\/uploads\/2023\/01\/0-1-768x512.webp 768w, https:\/\/traildeer.com\/wp-content\/uploads\/2023\/01\/0-1-1536x1024.webp 1536w, https:\/\/traildeer.com\/wp-content\/uploads\/2023\/01\/0-1-18x12.webp 18w, https:\/\/traildeer.com\/wp-content\/uploads\/2023\/01\/0-1-1320x880.webp 1320w, https:\/\/traildeer.com\/wp-content\/uploads\/2023\/01\/0-1-510x340.webp 510w, https:\/\/traildeer.com\/wp-content\/uploads\/2023\/01\/0-1.webp 2048w\" sizes=\"(max-width: 1200px) 100vw, 1200px\" \/><\/figure>\n\n\n\n<p><strong>Ainsa, Bandares &amp; Huesca<\/strong><\/p>\n\n\n\n<p>\u010eal\u0161ou jedine\u010dnou lokalitou, kde si je z \u010doho vybera\u0165, je oblas\u0165 pod Pyrenejami, naz\u00fdvan\u00e1 N\u00edzke Pyreneje. Po\u010dn\u00fac <a href=\"https:\/\/www.komoot.com\/highlight\/1170992\" title=\"p\u00fa\u0161\u0165ou Bardenas\">p\u00fa\u0161\u0165ou Bardenas<\/a> \u010do je najbli\u017e\u0161ia p\u00fa\u0161\u0165, na ktorej sa d\u00e1 jazdi\u0165 pre t\u00fdch z n\u00e1s z kontinent\u00e1lnej Eur\u00f3py a preto t\u00e1to oblas\u0165 ur\u010dite stoj\u00ed za n\u00e1v\u0161tevu. Jeho vyprahnut\u00e9 kopce s\u00fa nielen kr\u00e1sne, ale aj celkom z\u00e1bavn\u00e9 na jazdenie v\u010faka relat\u00edvne tvrd\u00e9mu a such\u00e9mu podkadu. Ne\u010faleko sa nach\u00e1dza tie\u017e meste\u010dko <a href=\"https:\/\/www.trailforks.com\/region\/huesca-1505218439\/?activitytype=1&amp;z=10.9&amp;lat=42.15937&amp;lon=-0.35750\" title=\"Huesca\">Huesca<\/a>, pon\u00fakaj\u00face taktie\u017e p\u00fatav\u00fa kulisu jazdenia medzi okolit\u00fdmi horami, ktor\u00e9 tak trochu pripom\u00ednaj\u00fa jazdenie v Arizone. Rovnako ako v\u0161ade v tejto oblasti bude\u0161 jazdi\u0165 po skalnat\u00fdch trailoch, ale s relat\u00edvne kr\u00e1tkymi st\u00fapaniami sk\u00f4r hore dolu. No a nakoniec tu m\u00e1me Ainsu, s\u00edce u\u017e nejak\u00e9 2 hodiny od Zaragozy autom z letiska, no predsalen lokalita, kv\u00f4li ktorej sa oplat\u00ed pocestova\u0165. V posledn\u00fdch rokoch sa tu podarilo miestnym zo <a href=\"https:\/\/zonazeropirineos.com\/en\/\" title=\"Zona Zero\">Zona Zero<\/a> vybudova\u0165 takpovediac Mekku jadzenia v kontinent\u00e1lnom \u0160panielsku. Z\u00e1bavn\u00e9, r\u00fdchle, ale st\u00e1le relat\u00edvne technick\u00e9 trasy, ide\u00e1lne na v\u00fdvozy, ke\u010f\u017ee v\u00fd\u0161kov\u00e9 metre sa tu hromadia ve\u013emi r\u00fdchlo. V\u010faka niektor\u00fdm ikonick\u00fdm trailom po \u010distej skale pripom\u00ednaj\u00facim El Chorro v Malage je toto miesto ve\u013emi ob\u013e\u00faben\u00e9. S Pyrenejami na obzore st\u00e1le pokryt\u00fdmi snehom, je jazda v okol\u00ed naozaj o\u010daruj\u00faca. Toto miesto bolo tie\u017e miestom pre EWS v roku 2015, \u010do samo o sebe dokazuje ich potenci\u00e1l.<\/p>\n\n\n\n<figure class=\"wp-block-gallery has-nested-images columns-default is-cropped wp-block-gallery-2 is-layout-flex wp-block-gallery-is-layout-flex\">\n<figure class=\"wp-block-image size-large\"><img loading=\"lazy\" decoding=\"async\" width=\"1200\" height=\"800\" data-id=\"2103\" src=\"https:\/\/traildeer.com\/wp-content\/uploads\/2023\/01\/AdobeStock_360469499-1200x800.jpeg\" alt=\"\" class=\"wp-image-2103\" srcset=\"https:\/\/traildeer.com\/wp-content\/uploads\/2023\/01\/AdobeStock_360469499-1200x800.jpeg 1200w, https:\/\/traildeer.com\/wp-content\/uploads\/2023\/01\/AdobeStock_360469499-600x400.jpeg 600w, https:\/\/traildeer.com\/wp-content\/uploads\/2023\/01\/AdobeStock_360469499-768x512.jpeg 768w, https:\/\/traildeer.com\/wp-content\/uploads\/2023\/01\/AdobeStock_360469499-1536x1024.jpeg 1536w, https:\/\/traildeer.com\/wp-content\/uploads\/2023\/01\/AdobeStock_360469499-2048x1365.jpeg 2048w, https:\/\/traildeer.com\/wp-content\/uploads\/2023\/01\/AdobeStock_360469499-18x12.jpeg 18w, https:\/\/traildeer.com\/wp-content\/uploads\/2023\/01\/AdobeStock_360469499-1320x880.jpeg 1320w, https:\/\/traildeer.com\/wp-content\/uploads\/2023\/01\/AdobeStock_360469499-510x340.jpeg 510w\" sizes=\"(max-width: 1200px) 100vw, 1200px\" \/><\/figure>\n\n\n\n<figure class=\"wp-block-image size-large\"><img loading=\"lazy\" decoding=\"async\" width=\"1200\" height=\"800\" data-id=\"2102\" src=\"https:\/\/traildeer.com\/wp-content\/uploads\/2023\/01\/AdobeStock_360469581-1200x800.jpeg\" alt=\"\" class=\"wp-image-2102\" srcset=\"https:\/\/traildeer.com\/wp-content\/uploads\/2023\/01\/AdobeStock_360469581-1200x800.jpeg 1200w, https:\/\/traildeer.com\/wp-content\/uploads\/2023\/01\/AdobeStock_360469581-600x400.jpeg 600w, https:\/\/traildeer.com\/wp-content\/uploads\/2023\/01\/AdobeStock_360469581-768x512.jpeg 768w, https:\/\/traildeer.com\/wp-content\/uploads\/2023\/01\/AdobeStock_360469581-1536x1024.jpeg 1536w, https:\/\/traildeer.com\/wp-content\/uploads\/2023\/01\/AdobeStock_360469581-2048x1365.jpeg 2048w, https:\/\/traildeer.com\/wp-content\/uploads\/2023\/01\/AdobeStock_360469581-18x12.jpeg 18w, https:\/\/traildeer.com\/wp-content\/uploads\/2023\/01\/AdobeStock_360469581-1320x880.jpeg 1320w, https:\/\/traildeer.com\/wp-content\/uploads\/2023\/01\/AdobeStock_360469581-510x340.jpeg 510w\" sizes=\"(max-width: 1200px) 100vw, 1200px\" \/><\/figure>\n\n\n\n<figure class=\"wp-block-image size-large\"><img loading=\"lazy\" decoding=\"async\" width=\"1200\" height=\"800\" data-id=\"2104\" src=\"https:\/\/traildeer.com\/wp-content\/uploads\/2023\/01\/AdobeStock_360469795-1200x800.jpeg\" alt=\"\" class=\"wp-image-2104\" srcset=\"https:\/\/traildeer.com\/wp-content\/uploads\/2023\/01\/AdobeStock_360469795-1200x800.jpeg 1200w, https:\/\/traildeer.com\/wp-content\/uploads\/2023\/01\/AdobeStock_360469795-600x400.jpeg 600w, https:\/\/traildeer.com\/wp-content\/uploads\/2023\/01\/AdobeStock_360469795-768x512.jpeg 768w, https:\/\/traildeer.com\/wp-content\/uploads\/2023\/01\/AdobeStock_360469795-1536x1024.jpeg 1536w, https:\/\/traildeer.com\/wp-content\/uploads\/2023\/01\/AdobeStock_360469795-2048x1365.jpeg 2048w, https:\/\/traildeer.com\/wp-content\/uploads\/2023\/01\/AdobeStock_360469795-18x12.jpeg 18w, https:\/\/traildeer.com\/wp-content\/uploads\/2023\/01\/AdobeStock_360469795-1320x880.jpeg 1320w, https:\/\/traildeer.com\/wp-content\/uploads\/2023\/01\/AdobeStock_360469795-510x340.jpeg 510w\" sizes=\"(max-width: 1200px) 100vw, 1200px\" \/><\/figure>\n<\/figure>\n\n\n\n<figure class=\"wp-block-image size-large\"><img loading=\"lazy\" decoding=\"async\" width=\"1200\" height=\"800\" src=\"https:\/\/traildeer.com\/wp-content\/uploads\/2023\/01\/AdobeStock_174305897-1200x800.jpeg\" alt=\"\" class=\"wp-image-2105\" srcset=\"https:\/\/traildeer.com\/wp-content\/uploads\/2023\/01\/AdobeStock_174305897-1200x800.jpeg 1200w, https:\/\/traildeer.com\/wp-content\/uploads\/2023\/01\/AdobeStock_174305897-600x400.jpeg 600w, https:\/\/traildeer.com\/wp-content\/uploads\/2023\/01\/AdobeStock_174305897-768x512.jpeg 768w, https:\/\/traildeer.com\/wp-content\/uploads\/2023\/01\/AdobeStock_174305897-1536x1024.jpeg 1536w, https:\/\/traildeer.com\/wp-content\/uploads\/2023\/01\/AdobeStock_174305897-2048x1365.jpeg 2048w, https:\/\/traildeer.com\/wp-content\/uploads\/2023\/01\/AdobeStock_174305897-18x12.jpeg 18w, https:\/\/traildeer.com\/wp-content\/uploads\/2023\/01\/AdobeStock_174305897-1320x880.jpeg 1320w, https:\/\/traildeer.com\/wp-content\/uploads\/2023\/01\/AdobeStock_174305897-510x340.jpeg 510w\" sizes=\"(max-width: 1200px) 100vw, 1200px\" \/><\/figure>\n\n\n\n<p><strong>Basque Coast<\/strong><\/p>\n\n\n\n<p>V neposlednom rade tu m\u00e1me baskick\u00e9 pobre\u017eie so svojimi impozantn\u00fdmi v\u00fdh\u013eadmi. Z t\u00fdchto troch miest ide sna\u010f najtechnickej\u0161ie jazdenie pr\u00e1ve v okol\u00ed turizmom nie a\u017e tak pozna\u010den\u00e9ho meste\u010dka San Sebastian. Pobre\u017en\u00e9 traily, dlh\u00e9 kr\u00e1sne hrebene pripom\u00ednaj\u00face Madeiru, ako aj ikonick\u00e9 maj\u00e1ky v dialke ide\u00e1lne na fotenie pri z\u00e1pade slnka na bajku s\u00fa len ochutn\u00e1vkou toho, \u010do oblas\u0165 pon\u00faka. Vy\u0161\u0161ie v Pyrenejach sa cel\u00e1 scen\u00e9ria men\u00ed jazdou vo vysokej nadmorskej v\u00fd\u0161ke, s dlh\u00fdmi, \u010dasto ve\u013emi \u00fazkymi technick\u00fdmi trasami hrebe\u0148mi, ktor\u00e9 ti vy\u010daria \u00fasmev na tv\u00e1ri po\u010das celej jazdy. Okrem toho toto miesto pon\u00faka jedine\u010dn\u00fa baskick\u00fa kult\u00faru, vynikaj\u00face jedlo s miestnymi \u0161pecialitami a super priate\u013esk\u00fdch sprievodcov, v\u010faka \u010domu je toto \u00fa\u017easn\u00e9 miesto ur\u010dite treba nav\u0161t\u00edvi\u0165. Samozrejmos\u0165ou s\u00fa v\u00fdvozy dod\u00e1vkou, tak\u017ee si jazdu m\u00f4\u017ee\u0161 u\u017ei\u0165 naplno po\u010das nieko\u013eko dn\u00ed namiesto toho, aby si odp\u00e1lil nohy za de\u0148 \u010di dva, \u010do vzh\u013eadom na r\u00f4znorod\u00fd ter\u00e9n nie je tak\u00e9 \u0165a\u017ek\u00e9. Bajkov\u00e9 destin\u00e1cie pri mori s t\u00fdmto levelom a kvalitou jazdenia s\u00fa ve\u013emi zriedkav\u00e9, tak si mysl\u00edme, \u017ee to bude jedna z na\u0161ich najob\u013e\u00fabenej\u0161\u00edch destin\u00e1ci\u00ed v bl\u00edzkej bud\u00facnosti. Rovnako ako v pr\u00edpade Ainsi a cel\u00e9ho severn\u00e9ho \u0160panielska je tu v zime o nie\u010do chladnej\u0161ie, o to viac s prib\u00fadaj\u00facimi v\u00fd\u0161kov\u00fdmi, tak\u017ee obe destin\u00e1cie s\u00fa ide\u00e1lne na skor\u00fa jar alebo jese\u0148, ke\u010f\u017ee v lete sa tu zase dos\u0165 otepl\u00ed. &nbsp;<\/p>\n\n\n\n<figure class=\"wp-block-image size-large\"><img loading=\"lazy\" decoding=\"async\" width=\"1400\" height=\"630\" src=\"https:\/\/traildeer.com\/wp-content\/uploads\/2023\/01\/Komoot1-1400x630.webp\" alt=\"\" class=\"wp-image-2112\" srcset=\"https:\/\/traildeer.com\/wp-content\/uploads\/2023\/01\/Komoot1-1400x630.webp 1400w, https:\/\/traildeer.com\/wp-content\/uploads\/2023\/01\/Komoot1-800x360.webp 800w, https:\/\/traildeer.com\/wp-content\/uploads\/2023\/01\/Komoot1-768x346.webp 768w, https:\/\/traildeer.com\/wp-content\/uploads\/2023\/01\/Komoot1-1536x691.webp 1536w, https:\/\/traildeer.com\/wp-content\/uploads\/2023\/01\/Komoot1-18x8.webp 18w, https:\/\/traildeer.com\/wp-content\/uploads\/2023\/01\/Komoot1-1320x594.webp 1320w, https:\/\/traildeer.com\/wp-content\/uploads\/2023\/01\/Komoot1-510x230.webp 510w, https:\/\/traildeer.com\/wp-content\/uploads\/2023\/01\/Komoot1.webp 2000w\" sizes=\"(max-width: 1400px) 100vw, 1400px\" \/><\/figure>\n\n\n\n<p>Kompletn\u00e9 v\u00fdlety do t\u00fdchto miest s nami m\u00f4\u017ee\u0161 o\u010dak\u00e1va\u0165 na na\u0161om webe v priebehu nieko\u013ek\u00fdch t\u00fd\u017ed\u0148ov. Ktor\u00e9 z nich \u0165a o\u010darilo najviac?<\/p>\n\n\n\n<hr class=\"wp-block-separator has-alpha-channel-opacity\"\/>\n\n\n\n<p><a id=\"_msocom_1\"><\/a><\/p>\n\n\n\n<p>&nbsp;<a href=\"#_msoanchor_1\">[RL|D1]<\/a><\/p>","protected":false},"excerpt":{"rendered":"<p>Since the winter weather reared its ugly head on us, we&#8217;ve decided to look at some new locations to ride this time in Spain. All three of the locations &#8211; Mallorca, Ainsa and Basque coast can be reached within 2,5 hours by plane from Vienna or Bratislava, so they present a perfect getaway location even [&#8230;]","protected":false},"author":1,"featured_media":2095,"comment_status":"open","ping_status":"open","sticky":false,"template":"","format":"standard","meta":{"_monsterinsights_skip_tracking":false,"_monsterinsights_sitenote_active":false,"_monsterinsights_sitenote_note":"","_monsterinsights_sitenote_category":0,"footnotes":""},"categories":[173,172],"tags":[180,176,179,174,177],"acf":[],"aioseo_notices":[],"jetpack_featured_media_url":"https:\/\/traildeer.com\/wp-content\/uploads\/2023\/01\/AdobeStock_174305851-scaled.jpeg","_links":{"self":[{"href":"https:\/\/traildeer.com\/sk\/wp-json\/wp\/v2\/posts\/2094"}],"collection":[{"href":"https:\/\/traildeer.com\/sk\/wp-json\/wp\/v2\/posts"}],"about":[{"href":"https:\/\/traildeer.com\/sk\/wp-json\/wp\/v2\/types\/post"}],"author":[{"embeddable":true,"href":"https:\/\/traildeer.com\/sk\/wp-json\/wp\/v2\/users\/1"}],"replies":[{"embeddable":true,"href":"https:\/\/traildeer.com\/sk\/wp-json\/wp\/v2\/comments?post=2094"}],"version-history":[{"count":6,"href":"https:\/\/traildeer.com\/sk\/wp-json\/wp\/v2\/posts\/2094\/revisions"}],"predecessor-version":[{"id":2122,"href":"https:\/\/traildeer.com\/sk\/wp-json\/wp\/v2\/posts\/2094\/revisions\/2122"}],"wp:featuredmedia":[{"embeddable":true,"href":"https:\/\/traildeer.com\/sk\/wp-json\/wp\/v2\/media\/2095"}],"wp:attachment":[{"href":"https:\/\/traildeer.com\/sk\/wp-json\/wp\/v2\/media?parent=2094"}],"wp:term":[{"taxonomy":"category","embeddable":true,"href":"https:\/\/traildeer.com\/sk\/wp-json\/wp\/v2\/categories?post=2094"},{"taxonomy":"post_tag","embeddable":true,"href":"https:\/\/traildeer.com\/sk\/wp-json\/wp\/v2\/tags?post=2094"}],"curies":[{"name":"wp","href":"https:\/\/api.w.org\/{rel}","templated":true}]}}